{"provider_url": "https://www.marilia.sp.leg.br", "version": "1.0", "author_url": "https://www.marilia.sp.leg.br/author/admin", "title": "Ren\u00fancia do vereador Aniz Badra-Eleito Dep Federal", "provider_name": "C\u00e2mara Municipal de Mar\u00edlia", "type": "link", "author_name": ""}